{"id":4871,"date":"2023-07-31T18:51:12","date_gmt":"2023-07-31T21:51:12","guid":{"rendered":"https:\/\/jornalemfoco.online\/?p=4871"},"modified":"2023-08-29T16:35:04","modified_gmt":"2023-08-29T19:35:04","slug":"existe-hora-certa-para-tomar-cafe","status":"publish","type":"post","link":"https:\/\/jornalemfoco.online\/it\/listas-e-curiosidades\/existe-hora-certa-para-tomar-cafe\/","title":{"rendered":"Esiste un momento &#039;GIUSTO&#039; per bere il caff\u00e8?"},"content":{"rendered":"<p>In linea di principio, esiste un momento &#039;GIUSTO&#039; per bere il caff\u00e8? Scopri il momento migliore per bere il caff\u00e8 e scopri come agisce la caffeina sull&#039;organismo. Ancora di pi\u00f9<strong>&nbsp;<\/strong>Il caff\u00e8, questa bevanda molto amata, pu\u00f2 ottenere maggiori risultati se conosciamo il momento giusto per berlo. <\/p>\n\n\n\n<p>In questo senso, qual \u00e8 il momento migliore per bere il caff\u00e8? Scopri come \u00e8 possibile potenziarne l&#039;effetto, perch\u00e9 oltre a dare disposizione e tanta energia, la caffeina pu\u00f2 essere un alleato strategico nelle nostre attivit\u00e0 quotidiane. <\/p>\n\n\n\n<p>Capire per\u00f2 come la sostanza del caff\u00e8 agisce sull\u2019organismo e scegliere il momento giusto per consumarlo \u00e8 fondamentale. <\/p>\n\n\n\n<h2 class=\"wp-block-heading\"><strong>Comprendi come funziona la caffeina nel tuo corpo<\/strong> <\/h2>\n\n\n\n<p>Prima di decidere il momento giusto per bere il caff\u00e8, \u00e8 interessante capire come la caffeina influisce sul nostro organismo. Blocca i recettori responsabili della stanchezza e dell&#039;affaticamento, ma man mano che consumiamo pi\u00f9 neurorecettori si creano come risposta adattativa del corpo che pu\u00f2 portarci a sentire una maggiore stanchezza. <\/p>\n\n\n\n<p><span id=\"paraphrase-4370291339\" class=\"paraphrase\"><span class=\"added\">Dopo<\/span> <span class=\"added\">O<\/span> <span class=\"added\">consumo<\/span>, IL <span id=\"synonym-9106605706\" class=\"synonyms\">caffeina<\/span> \u00c8 <span id=\"synonym-5121533491\" class=\"synonyms\">velocemente<\/span> assorbito <span class=\"added\"><span id=\"synonym-9047031969\" class=\"synonyms\">dell&#039;intestino<\/span><\/span> nel flusso sanguigno.<\/span> <span id=\"paraphrase-2813018641\" class=\"paraphrase highlighted-paraphrase\">In <span class=\"added\">L\u00e0<\/span> <span class=\"added\">andare<\/span> per il <span id=\"synonym-8419845002\" class=\"synonyms\">fegato<\/span> \u00c8 <span class=\"added\">Se<\/span> <span class=\"added\"><span id=\"synonym-0589782487\" class=\"synonyms\">decomporsi<\/span><\/span> in composti che possono <span id=\"synonym-6690662907\" class=\"synonyms\">Atto<\/span> <span class=\"added\">In<\/span> <span class=\"added\">varie<\/span> <span class=\"added\"><span id=\"synonym-1842523632\" class=\"synonyms\">funzioni<\/span><\/span> <span class=\"added\">del<\/span> organi, <span class=\"added\">recitazione<\/span> COME <span class=\"added\">uno stimolante<\/span> del sistema nervoso centrale<\/span>. <\/p>\n\n\n\n<h2 class=\"wp-block-heading\">Scopri subito quali sono gli orari migliori per bere il caff\u00e8 <\/h2>\n\n\n\n<p>Identificare quando si interrompe la produzione dell\u2019ormone cortisolo \u00e8 fondamentale per aumentare i benefici del caff\u00e8. L&#039;orario ideale per il massimo assorbimento della caffeina \u00e8 dalle 9:30 alle 11:30 e dalle 13:30 alle 17:00. <\/p>\n\n\n\n<p>Inoltre, consumare una tazza di caff\u00e8 prima dell&#039;allenamento, 30-60 minuti prima dell&#039;attivit\u00e0 fisica, pu\u00f2 portare ad un aumento della resistenza cardiovascolare e muscolare. Approfitta di ci\u00f2 che ha da offrire al tuo organismo In altre parole, sapendo scegliere i tempi giusti e imparando a controllare la quantit\u00e0 di caff\u00e8 che consumi, potrai sfruttare al massimo i suoi benefici. <\/p>\n\n\n\n<p>Combattere la stanchezza e migliorare le prestazioni fisiche e mentali sono solo alcuni dei benefici che questa bevanda brasiliana preferita pu\u00f2 offrirci. Il caff\u00e8 \u00e8 una bevanda versatile e gustosa che pu\u00f2 essere un ottimo alleato nella nostra vita quotidiana. <\/p>\n\n\n\n<p>Capire come agisce la caffeina nel nostro organismo e scegliere i momenti giusti per assumerla ci aiuter\u00e0 a massimizzarne gli effetti benefici. Di conseguenza, goditi il tuo caff\u00e8 con saggezza e goditi tutta la tua energia e vivacit\u00e0 per tutta la giornata! <\/p>","protected":false},"excerpt":{"rendered":"<p>In linea di principio, esiste un momento &#039;GIUSTO&#039; per bere il caff\u00e8? Scopri il momento migliore per bere il caff\u00e8 e scopri come agisce la caffeina sull&#039;organismo. A maggior ragione, il caff\u00e8, questa bevanda molto amata, pu\u00f2 ottenere maggiori risultati se conosciamo il momento giusto per berlo. In questo senso, qual \u00e8 il momento migliore per bere il caff\u00e8? Vedi come \u2026 <a title=\"Esiste un momento &#039;GIUSTO&#039; per bere il caff\u00e8?\" class=\"read-more\" href=\"https:\/\/jornalemfoco.online\/it\/listas-e-curiosidades\/existe-hora-certa-para-tomar-cafe\/\" aria-label=\"Ecco qual \u00e8 il momento &quot;GIUSTO&quot; per bere il caff\u00e8?\">Continua a leggere\u2026<\/a><\/p>","protected":false},"author":81,"featured_media":22041,"comment_status":"closed","ping_status":"open","sticky":false,"template":"","format":"standard","meta":{"_acf_changed":false,"footnotes":""},"categories":[96],"tags":[],"acf":[],"yoast_head":"<!-- This site is optimized with the Yoast SEO plugin v24.2 - https:\/\/yoast.com\/wordpress\/plugins\/seo\/ -->\n<title>Existe Hora \u2018CERTA\u2019 para tomar Caf\u00e9? - jornalemfoco.online<\/title>\n<meta name=\"description\" content=\"Neste artigo voc\u00ea ir\u00e1 descobrir se realmente existe hora \u2018CERTA\u2019 para tomar Caf\u00e9. Tire todas as suas d\u00favidas agora mesmo. Confira!\" \/>\n<meta name=\"robots\" content=\"index, follow, max-snippet:-1, max-image-preview:large, max-video-preview:-1\" \/>\n<link rel=\"canonical\" href=\"https:\/\/jornalemfoco.online\/it\/listas-e-curiosidades\/existe-hora-certa-para-tomar-cafe\/\" \/>\n<meta property=\"og:locale\" content=\"it_IT\" \/>\n<meta property=\"og:type\" content=\"article\" \/>\n<meta property=\"og:title\" content=\"Existe Hora \u2018CERTA\u2019 para tomar Caf\u00e9? - jornalemfoco.online\" \/>\n<meta property=\"og:description\" content=\"Neste artigo voc\u00ea ir\u00e1 descobrir se realmente existe hora \u2018CERTA\u2019 para tomar Caf\u00e9. Tire todas as suas d\u00favidas agora mesmo. Confira!\" \/>\n<meta property=\"og:url\" content=\"https:\/\/jornalemfoco.online\/it\/listas-e-curiosidades\/existe-hora-certa-para-tomar-cafe\/\" \/>\n<meta property=\"og:site_name\" content=\"jornalemfoco.online\" \/>\n<meta property=\"article:published_time\" content=\"2023-07-31T21:51:12+00:00\" \/>\n<meta property=\"article:modified_time\" content=\"2023-08-29T19:35:04+00:00\" \/>\n<meta property=\"og:image\" content=\"https:\/\/jornalemfoco.online\/wp-content\/uploads\/2023\/07\/existe-horario-certo-para-tomar-cafe.webp\" \/>\n\t<meta property=\"og:image:width\" content=\"1906\" \/>\n\t<meta property=\"og:image:height\" content=\"1072\" \/>\n\t<meta property=\"og:image:type\" content=\"image\/webp\" \/>\n<meta name=\"author\" content=\"Miguel Henrique\" \/>\n<meta name=\"twitter:card\" content=\"summary_large_image\" \/>\n<meta name=\"twitter:label1\" content=\"Scritto da\" \/>\n\t<meta name=\"twitter:data1\" content=\"Miguel Henrique\" \/>\n\t<meta name=\"twitter:label2\" content=\"Tempo di lettura stimato\" \/>\n\t<meta name=\"twitter:data2\" content=\"3 minuti\" \/>\n<script type=\"application\/ld+json\" class=\"yoast-schema-graph\">{\"@context\":\"https:\/\/schema.org\",\"@graph\":[{\"@type\":\"Article\",\"@id\":\"https:\/\/jornalemfoco.online\/listas-e-curiosidades\/existe-hora-certa-para-tomar-cafe\/#article\",\"isPartOf\":{\"@id\":\"https:\/\/jornalemfoco.online\/listas-e-curiosidades\/existe-hora-certa-para-tomar-cafe\/\"},\"author\":{\"name\":\"Miguel Henrique\",\"@id\":\"https:\/\/jornalemfoco.online\/#\/schema\/person\/3506dca4dcf70f6713a85088386c10c5\"},\"headline\":\"Existe Hora \u2018CERTA\u2019 para tomar Caf\u00e9?\",\"datePublished\":\"2023-07-31T21:51:12+00:00\",\"dateModified\":\"2023-08-29T19:35:04+00:00\",\"mainEntityOfPage\":{\"@id\":\"https:\/\/jornalemfoco.online\/listas-e-curiosidades\/existe-hora-certa-para-tomar-cafe\/\"},\"wordCount\":442,\"publisher\":{\"@id\":\"https:\/\/jornalemfoco.online\/#organization\"},\"image\":{\"@id\":\"https:\/\/jornalemfoco.online\/listas-e-curiosidades\/existe-hora-certa-para-tomar-cafe\/#primaryimage\"},\"thumbnailUrl\":\"https:\/\/jornalemfoco.online\/wp-content\/uploads\/2023\/07\/existe-horario-certo-para-tomar-cafe.webp\",\"articleSection\":[\"LISTAS E CURIOSIDADES\"],\"inLanguage\":\"it-IT\"},{\"@type\":\"WebPage\",\"@id\":\"https:\/\/jornalemfoco.online\/listas-e-curiosidades\/existe-hora-certa-para-tomar-cafe\/\",\"url\":\"https:\/\/jornalemfoco.online\/listas-e-curiosidades\/existe-hora-certa-para-tomar-cafe\/\",\"name\":\"Existe Hora \u2018CERTA\u2019 para tomar Caf\u00e9? - jornalemfoco.online\",\"isPartOf\":{\"@id\":\"https:\/\/jornalemfoco.online\/#website\"},\"primaryImageOfPage\":{\"@id\":\"https:\/\/jornalemfoco.online\/listas-e-curiosidades\/existe-hora-certa-para-tomar-cafe\/#primaryimage\"},\"image\":{\"@id\":\"https:\/\/jornalemfoco.online\/listas-e-curiosidades\/existe-hora-certa-para-tomar-cafe\/#primaryimage\"},\"thumbnailUrl\":\"https:\/\/jornalemfoco.online\/wp-content\/uploads\/2023\/07\/existe-horario-certo-para-tomar-cafe.webp\",\"datePublished\":\"2023-07-31T21:51:12+00:00\",\"dateModified\":\"2023-08-29T19:35:04+00:00\",\"description\":\"Neste artigo voc\u00ea ir\u00e1 descobrir se realmente existe hora \u2018CERTA\u2019 para tomar Caf\u00e9. Tire todas as suas d\u00favidas agora mesmo. Confira!\",\"breadcrumb\":{\"@id\":\"https:\/\/jornalemfoco.online\/listas-e-curiosidades\/existe-hora-certa-para-tomar-cafe\/#breadcrumb\"},\"inLanguage\":\"it-IT\",\"potentialAction\":[{\"@type\":\"ReadAction\",\"target\":[\"https:\/\/jornalemfoco.online\/listas-e-curiosidades\/existe-hora-certa-para-tomar-cafe\/\"]}]},{\"@type\":\"ImageObject\",\"inLanguage\":\"it-IT\",\"@id\":\"https:\/\/jornalemfoco.online\/listas-e-curiosidades\/existe-hora-certa-para-tomar-cafe\/#primaryimage\",\"url\":\"https:\/\/jornalemfoco.online\/wp-content\/uploads\/2023\/07\/existe-horario-certo-para-tomar-cafe.webp\",\"contentUrl\":\"https:\/\/jornalemfoco.online\/wp-content\/uploads\/2023\/07\/existe-horario-certo-para-tomar-cafe.webp\",\"width\":1906,\"height\":1072,\"caption\":\"existe horario certo para tomar cafe\"},{\"@type\":\"BreadcrumbList\",\"@id\":\"https:\/\/jornalemfoco.online\/listas-e-curiosidades\/existe-hora-certa-para-tomar-cafe\/#breadcrumb\",\"itemListElement\":[{\"@type\":\"ListItem\",\"position\":1,\"name\":\"In\u00edcio\",\"item\":\"https:\/\/jornalemfoco.online\/\"},{\"@type\":\"ListItem\",\"position\":2,\"name\":\"Existe Hora \u2018CERTA\u2019 para tomar Caf\u00e9?\"}]},{\"@type\":\"WebSite\",\"@id\":\"https:\/\/jornalemfoco.online\/#website\",\"url\":\"https:\/\/jornalemfoco.online\/\",\"name\":\"jornalemfoco.online\",\"description\":\"\",\"publisher\":{\"@id\":\"https:\/\/jornalemfoco.online\/#organization\"},\"potentialAction\":[{\"@type\":\"SearchAction\",\"target\":{\"@type\":\"EntryPoint\",\"urlTemplate\":\"https:\/\/jornalemfoco.online\/?s={search_term_string}\"},\"query-input\":{\"@type\":\"PropertyValueSpecification\",\"valueRequired\":true,\"valueName\":\"search_term_string\"}}],\"inLanguage\":\"it-IT\"},{\"@type\":\"Organization\",\"@id\":\"https:\/\/jornalemfoco.online\/#organization\",\"name\":\"jornalemfoco.online\",\"url\":\"https:\/\/jornalemfoco.online\/\",\"logo\":{\"@type\":\"ImageObject\",\"inLanguage\":\"it-IT\",\"@id\":\"https:\/\/jornalemfoco.online\/#\/schema\/logo\/image\/\",\"url\":\"https:\/\/jornalemfoco.online\/wp-content\/uploads\/2023\/07\/LOGO.png\",\"contentUrl\":\"https:\/\/jornalemfoco.online\/wp-content\/uploads\/2023\/07\/LOGO.png\",\"width\":3334,\"height\":1072,\"caption\":\"jornalemfoco.online\"},\"image\":{\"@id\":\"https:\/\/jornalemfoco.online\/#\/schema\/logo\/image\/\"}},{\"@type\":\"Person\",\"@id\":\"https:\/\/jornalemfoco.online\/#\/schema\/person\/3506dca4dcf70f6713a85088386c10c5\",\"name\":\"Miguel Henrique\",\"image\":{\"@type\":\"ImageObject\",\"inLanguage\":\"it-IT\",\"@id\":\"https:\/\/jornalemfoco.online\/#\/schema\/person\/image\/\",\"url\":\"https:\/\/secure.gravatar.com\/avatar\/f1250a3df0faf8d1eda6085451aad723?s=96&d=mm&r=g\",\"contentUrl\":\"https:\/\/secure.gravatar.com\/avatar\/f1250a3df0faf8d1eda6085451aad723?s=96&d=mm&r=g\",\"caption\":\"Miguel Henrique\"},\"description\":\"Da escrita t\u00e9cnica ao universo dos apps e entretenimento. Sua jornada revela talento em traduzir complexidades tecnol\u00f3gicas em conte\u00fado envolvente e acess\u00edvel. Hoje, ele cativa leitores com an\u00e1lises perspicazes e abordagens criativas. Um redator em constante evolu\u00e7\u00e3o.\",\"url\":\"https:\/\/jornalemfoco.online\/it\/author\/miguel-henrique\/\"}]}<\/script>\n<!-- \/ Yoast SEO plugin. -->","yoast_head_json":{"title":"Existe Hora \u2018CERTA\u2019 para tomar Caf\u00e9? - jornalemfoco.online","description":"Neste artigo voc\u00ea ir\u00e1 descobrir se realmente existe hora \u2018CERTA\u2019 para tomar Caf\u00e9. Tire todas as suas d\u00favidas agora mesmo. Confira!","robots":{"index":"index","follow":"follow","max-snippet":"max-snippet:-1","max-image-preview":"max-image-preview:large","max-video-preview":"max-video-preview:-1"},"canonical":"https:\/\/jornalemfoco.online\/it\/listas-e-curiosidades\/existe-hora-certa-para-tomar-cafe\/","og_locale":"it_IT","og_type":"article","og_title":"Existe Hora \u2018CERTA\u2019 para tomar Caf\u00e9? - jornalemfoco.online","og_description":"Neste artigo voc\u00ea ir\u00e1 descobrir se realmente existe hora \u2018CERTA\u2019 para tomar Caf\u00e9. Tire todas as suas d\u00favidas agora mesmo. Confira!","og_url":"https:\/\/jornalemfoco.online\/it\/listas-e-curiosidades\/existe-hora-certa-para-tomar-cafe\/","og_site_name":"jornalemfoco.online","article_published_time":"2023-07-31T21:51:12+00:00","article_modified_time":"2023-08-29T19:35:04+00:00","og_image":[{"width":1906,"height":1072,"url":"https:\/\/jornalemfoco.online\/wp-content\/uploads\/2023\/07\/existe-horario-certo-para-tomar-cafe.webp","type":"image\/webp"}],"author":"Miguel Henrique","twitter_card":"summary_large_image","twitter_misc":{"Scritto da":"Miguel Henrique","Tempo di lettura stimato":"3 minuti"},"schema":{"@context":"https:\/\/schema.org","@graph":[{"@type":"Article","@id":"https:\/\/jornalemfoco.online\/listas-e-curiosidades\/existe-hora-certa-para-tomar-cafe\/#article","isPartOf":{"@id":"https:\/\/jornalemfoco.online\/listas-e-curiosidades\/existe-hora-certa-para-tomar-cafe\/"},"author":{"name":"Miguel Henrique","@id":"https:\/\/jornalemfoco.online\/#\/schema\/person\/3506dca4dcf70f6713a85088386c10c5"},"headline":"Existe Hora \u2018CERTA\u2019 para tomar Caf\u00e9?","datePublished":"2023-07-31T21:51:12+00:00","dateModified":"2023-08-29T19:35:04+00:00","mainEntityOfPage":{"@id":"https:\/\/jornalemfoco.online\/listas-e-curiosidades\/existe-hora-certa-para-tomar-cafe\/"},"wordCount":442,"publisher":{"@id":"https:\/\/jornalemfoco.online\/#organization"},"image":{"@id":"https:\/\/jornalemfoco.online\/listas-e-curiosidades\/existe-hora-certa-para-tomar-cafe\/#primaryimage"},"thumbnailUrl":"https:\/\/jornalemfoco.online\/wp-content\/uploads\/2023\/07\/existe-horario-certo-para-tomar-cafe.webp","articleSection":["LISTAS E CURIOSIDADES"],"inLanguage":"it-IT"},{"@type":"WebPage","@id":"https:\/\/jornalemfoco.online\/listas-e-curiosidades\/existe-hora-certa-para-tomar-cafe\/","url":"https:\/\/jornalemfoco.online\/listas-e-curiosidades\/existe-hora-certa-para-tomar-cafe\/","name":"Existe Hora \u2018CERTA\u2019 para tomar Caf\u00e9? - jornalemfoco.online","isPartOf":{"@id":"https:\/\/jornalemfoco.online\/#website"},"primaryImageOfPage":{"@id":"https:\/\/jornalemfoco.online\/listas-e-curiosidades\/existe-hora-certa-para-tomar-cafe\/#primaryimage"},"image":{"@id":"https:\/\/jornalemfoco.online\/listas-e-curiosidades\/existe-hora-certa-para-tomar-cafe\/#primaryimage"},"thumbnailUrl":"https:\/\/jornalemfoco.online\/wp-content\/uploads\/2023\/07\/existe-horario-certo-para-tomar-cafe.webp","datePublished":"2023-07-31T21:51:12+00:00","dateModified":"2023-08-29T19:35:04+00:00","description":"Neste artigo voc\u00ea ir\u00e1 descobrir se realmente existe hora \u2018CERTA\u2019 para tomar Caf\u00e9. Tire todas as suas d\u00favidas agora mesmo. Confira!","breadcrumb":{"@id":"https:\/\/jornalemfoco.online\/listas-e-curiosidades\/existe-hora-certa-para-tomar-cafe\/#breadcrumb"},"inLanguage":"it-IT","potentialAction":[{"@type":"ReadAction","target":["https:\/\/jornalemfoco.online\/listas-e-curiosidades\/existe-hora-certa-para-tomar-cafe\/"]}]},{"@type":"ImageObject","inLanguage":"it-IT","@id":"https:\/\/jornalemfoco.online\/listas-e-curiosidades\/existe-hora-certa-para-tomar-cafe\/#primaryimage","url":"https:\/\/jornalemfoco.online\/wp-content\/uploads\/2023\/07\/existe-horario-certo-para-tomar-cafe.webp","contentUrl":"https:\/\/jornalemfoco.online\/wp-content\/uploads\/2023\/07\/existe-horario-certo-para-tomar-cafe.webp","width":1906,"height":1072,"caption":"existe horario certo para tomar cafe"},{"@type":"BreadcrumbList","@id":"https:\/\/jornalemfoco.online\/listas-e-curiosidades\/existe-hora-certa-para-tomar-cafe\/#breadcrumb","itemListElement":[{"@type":"ListItem","position":1,"name":"In\u00edcio","item":"https:\/\/jornalemfoco.online\/"},{"@type":"ListItem","position":2,"name":"Existe Hora \u2018CERTA\u2019 para tomar Caf\u00e9?"}]},{"@type":"WebSite","@id":"https:\/\/jornalemfoco.online\/#website","url":"https:\/\/jornalemfoco.online\/","name":"jornalemfoco.online","description":"","publisher":{"@id":"https:\/\/jornalemfoco.online\/#organization"},"potentialAction":[{"@type":"SearchAction","target":{"@type":"EntryPoint","urlTemplate":"https:\/\/jornalemfoco.online\/?s={search_term_string}"},"query-input":{"@type":"PropertyValueSpecification","valueRequired":true,"valueName":"search_term_string"}}],"inLanguage":"it-IT"},{"@type":"Organization","@id":"https:\/\/jornalemfoco.online\/#organization","name":"jornalemfoco.online","url":"https:\/\/jornalemfoco.online\/","logo":{"@type":"ImageObject","inLanguage":"it-IT","@id":"https:\/\/jornalemfoco.online\/#\/schema\/logo\/image\/","url":"https:\/\/jornalemfoco.online\/wp-content\/uploads\/2023\/07\/LOGO.png","contentUrl":"https:\/\/jornalemfoco.online\/wp-content\/uploads\/2023\/07\/LOGO.png","width":3334,"height":1072,"caption":"jornalemfoco.online"},"image":{"@id":"https:\/\/jornalemfoco.online\/#\/schema\/logo\/image\/"}},{"@type":"Person","@id":"https:\/\/jornalemfoco.online\/#\/schema\/person\/3506dca4dcf70f6713a85088386c10c5","name":"Miguel Henrique","image":{"@type":"ImageObject","inLanguage":"it-IT","@id":"https:\/\/jornalemfoco.online\/#\/schema\/person\/image\/","url":"https:\/\/secure.gravatar.com\/avatar\/f1250a3df0faf8d1eda6085451aad723?s=96&d=mm&r=g","contentUrl":"https:\/\/secure.gravatar.com\/avatar\/f1250a3df0faf8d1eda6085451aad723?s=96&d=mm&r=g","caption":"Miguel Henrique"},"description":"Da escrita t\u00e9cnica ao universo dos apps e entretenimento. Sua jornada revela talento em traduzir complexidades tecnol\u00f3gicas em conte\u00fado envolvente e acess\u00edvel. Hoje, ele cativa leitores com an\u00e1lises perspicazes e abordagens criativas. Um redator em constante evolu\u00e7\u00e3o.","url":"https:\/\/jornalemfoco.online\/it\/author\/miguel-henrique\/"}]}},"_links":{"self":[{"href":"https:\/\/jornalemfoco.online\/it\/wp-json\/wp\/v2\/posts\/4871"}],"collection":[{"href":"https:\/\/jornalemfoco.online\/it\/wp-json\/wp\/v2\/posts"}],"about":[{"href":"https:\/\/jornalemfoco.online\/it\/wp-json\/wp\/v2\/types\/post"}],"author":[{"embeddable":true,"href":"https:\/\/jornalemfoco.online\/it\/wp-json\/wp\/v2\/users\/81"}],"replies":[{"embeddable":true,"href":"https:\/\/jornalemfoco.online\/it\/wp-json\/wp\/v2\/comments?post=4871"}],"version-history":[{"count":0,"href":"https:\/\/jornalemfoco.online\/it\/wp-json\/wp\/v2\/posts\/4871\/revisions"}],"wp:featuredmedia":[{"embeddable":true,"href":"https:\/\/jornalemfoco.online\/it\/wp-json\/wp\/v2\/media\/22041"}],"wp:attachment":[{"href":"https:\/\/jornalemfoco.online\/it\/wp-json\/wp\/v2\/media?parent=4871"}],"wp:term":[{"taxonomy":"category","embeddable":true,"href":"https:\/\/jornalemfoco.online\/it\/wp-json\/wp\/v2\/categories?post=4871"},{"taxonomy":"post_tag","embeddable":true,"href":"https:\/\/jornalemfoco.online\/it\/wp-json\/wp\/v2\/tags?post=4871"}],"curies":[{"name":"wp","href":"https:\/\/api.w.org\/{rel}","templated":true}]}}