{"id":22765,"date":"2023-11-17T15:04:10","date_gmt":"2023-11-17T18:04:10","guid":{"rendered":"https:\/\/jornalemfoco.online\/?p=22765"},"modified":"2023-11-17T15:04:11","modified_gmt":"2023-11-17T18:04:11","slug":"use-redes-sociais-sem-acabar-produtividade","status":"publish","type":"post","link":"https:\/\/jornalemfoco.online\/it\/entretenimento\/use-redes-sociais-sem-acabar-produtividade\/","title":{"rendered":"Usa i social network senza uccidere la produttivit\u00e0!\u00a0"},"content":{"rendered":"<p>Secondo Statista, circa <strong>4,59 miliardi di persone<\/strong> sono collegati ai pi\u00f9 svariati social network. Non c&#039;\u00e8 nessun posto dove scappare. Fanno parte della vita di una parte incredibilmente significativa della popolazione mondiale.\u00a0<\/p>\n\n\n\n<p>Come previsto, non \u00e8 pi\u00f9 possibile separare la vita personale da quella digitale, n\u00e9 a casa n\u00e9 al lavoro. Usarli \u00e8 spesso un bisogno specifico che deve essere soddisfatto.&nbsp;<\/p>\n\n\n\n<p>Saper affrontare la nuova realt\u00e0 \u00e8 una strada senza ritorno. Ma come utilizzare i social media senza rovinare la propria performance lavorativa? Qui verranno fatte alcune riflessioni con lo scopo di aiutarvi in questo compito, che potrebbe essere pi\u00f9 difficile di quanto immaginiate.\u00a0<\/p>\n\n\n\n<figure class=\"wp-block-image size-large\"><img fetchpriority=\"high\" decoding=\"async\" width=\"1024\" height=\"683\" src=\"https:\/\/jornalemfoco.online\/wp-content\/uploads\/2023\/11\/image-9-1024x683.png\" alt=\"\" class=\"wp-image-22766\" srcset=\"https:\/\/jornalemfoco.online\/wp-content\/uploads\/2023\/11\/image-9-1024x683.png 1024w, https:\/\/jornalemfoco.online\/wp-content\/uploads\/2023\/11\/image-9-300x200.png 300w, https:\/\/jornalemfoco.online\/wp-content\/uploads\/2023\/11\/image-9-768x512.png 768w, https:\/\/jornalemfoco.online\/wp-content\/uploads\/2023\/11\/image-9-18x12.png 18w, https:\/\/jornalemfoco.online\/wp-content\/uploads\/2023\/11\/image-9.png 1200w\" sizes=\"(max-width: 1024px) 100vw, 1024px\" \/><\/figure>\n\n\n\n<h2 class=\"wp-block-heading\"><strong>I social network possono aiutare sul lavoro?<\/strong>&nbsp;<\/h2>\n\n\n\n<p>S\u00ec, possono aiutare! Ma tutto dipende da come li usi.&nbsp;<\/p>\n\n\n\n<p>La comunicazione tra colleghi pu\u00f2 essere molto migliore, oltre ad affinare la creativit\u00e0 in alcune nicchie. A dire il vero, praticamente tutto viene \u201cconvertito\u201d in dati; perch\u00e9 non abbracciare questa tendenza nel linguaggio dell\u2019azienda?&nbsp;<\/p>\n\n\n\n<p>Ma ovviamente nulla di tutto ci\u00f2 \u00e8 possibile se l\u2019utilizzo non avviene in modo responsabile ed equilibrato. I social network non possono in nessun caso diventare un\u2019estensione illimitata del tempo libero trascorso a casa.&nbsp;<\/p>\n\n\n\n<h2 class=\"wp-block-heading\"><strong>Come usarli correttamente?<\/strong>&nbsp;<\/h2>\n\n\n\n<p>Questa \u00e8 la domanda da un milione di dollari. Gestire l\u2019utilizzo dei social network richiede un certo grado di disciplina, oltre a seguire alcune preziose linee guida:\u00a0<\/p>\n\n\n\n<h3 class=\"wp-block-heading\">Definisci i tuoi obiettivi e le tue priorit\u00e0&nbsp;<\/h3>\n\n\n\n<p>L&#039;utilizzo consapevole e appropriato dei social network sul lavoro \u00e8 strettamente legato alla creazione ed esecuzione di una routine ben definita. Se questo \u00e8 gi\u00e0 estremamente utile a casa, immaginalo nella tua azienda.<\/p>\n\n\n\n<p>Una volta che tutte le tue attivit\u00e0 quotidiane sono ben stabilite e nei tempi previsti, puoi utilizzare i media digitali e prestare un po\u2019 di attenzione a ci\u00f2 che conta davvero.&nbsp;<\/p>\n\n\n\n<p>Non fissare obiettivi e priorit\u00e0 in modo eccessivamente parziale. Pensa a qualcosa che bilanci l&#039;utile con il piacevole, senza danneggiare la tua produttivit\u00e0. Il futuro della tua azienda (e di conseguenza i tuoi guadagni personali) dipende da questo.&nbsp;<\/p>\n\n\n\n<h3 class=\"wp-block-heading\">Crea orari specifici&nbsp;<\/h3>\n\n\n\n<p>Accedere ai social in qualsiasi momento pu\u00f2 sembrare molto allettante (e in effetti lo \u00e8). Per evitare di commettere lo stesso peccato di Eva e di mordere il frutto proibito, stabilisci degli orari per l\u2019utilizzo di queste piattaforme.&nbsp;<\/p>\n\n\n\n<p>Decidere questo tipo di questione non dovrebbe essere cos\u00ec difficile. Col tempo scopri quali sono gli orari di punta del servizio. In questo modo potrete scegliere i momenti pi\u00f9 opportuni (e tranquilli) per godervi qualche momento personale.\u00a0<\/p>\n\n\n\n<h3 class=\"wp-block-heading\">Sii coerente&nbsp;<\/h3>\n\n\n\n<p>Segui religiosamente tutte le priorit\u00e0 e gli obiettivi stabiliti. Un\u2019azienda deve funzionare come un orologio svizzero.<\/p>\n\n\n\n<p>Non prendere scorciatoie e non infrangere le regole. Le distrazioni inutili hanno gli ingredienti necessari per il disastro. Gli orari esistono per un motivo molto chiaro: evitare errori inutili, ritardi e altri stress emotivi che possono compromettere la permanenza in ufficio.<\/p>\n\n\n\n<p><strong>Leggi anche: <a href=\"https:\/\/jornalemfoco.online\/it\/dicas\/dicas-de-copywriting-para-social-media\/\" target=\"_blank\" rel=\"noreferrer noopener\">Suggerimenti per il copywriting per i social media<\/a><\/strong><\/p>\n\n\n\n<h3 class=\"wp-block-heading\">Parla se necessario&nbsp;<\/h3>\n\n\n\n<p>Se la comunicazione avviene tra colleghi, ricorda di non perdere tempo con conversazioni inutili. Oltre a causare ritardi e distrazioni, supervisori e manager potranno controllare i dialoghi e creare un vero e proprio caos sulla Terra.&nbsp;<\/p>\n\n\n\n<p>Le comunicazioni aziendali dovrebbero essere utilizzate solo a fini di produttivit\u00e0. Per chattare tra amici, utilizzare (quando consentito) i social network personali.<\/p>\n\n\n\n<h3 class=\"wp-block-heading\">Pratica concentrazione e consapevolezza&nbsp;<\/h3>\n\n\n\n<p>La meditazione e lo yoga sono pratiche eccellenti per apprendere la concentrazione e la piena concentrazione, due qualit\u00e0 incredibilmente ricercate dai dirigenti di tutto il mondo.<\/p>\n\n\n\n<p>Grazie a queste incredibili tecniche scoprirai che prestare attenzione nei momenti giusti e trascurare le piccole cose \u00e8 perfettamente possibile. Tuttavia, questo passaggio potrebbe richiedere del tempo prima che inizi ad avere effetti pi\u00f9 efficaci.&nbsp;<\/p>\n\n\n\n<p>Inoltre, lo stress e l&#039;ansia diventeranno problemi molto pi\u00f9 piccoli e molto pi\u00f9 facili da affrontare. Solo vantaggi, no? Non sorprende che psicologi e psichiatri raccomandino la meditazione e lo yoga a persone con grave stress, ansia o depressione.\u00a0<\/p>\n\n\n\n<h3 class=\"wp-block-heading\">Creare \u201czone senza app\u201d&nbsp;<\/h3>\n\n\n\n<p>Tendi ad abusare dei social media in luoghi specifici? Determinare gli embarghi personali relativi a questi momenti. A volte il modo migliore per risolvere un problema \u00e8 adottare misure estreme.&nbsp;<\/p>\n\n\n\n<p>\u201cMeno \u00e8 meglio\u201d, come dicevano gli antichi. E avevano ragione...&nbsp;<\/p>\n\n\n\n<h3 class=\"wp-block-heading\">Mantieni la calma&nbsp;<\/h3>\n\n\n\n<p>Di tanto in tanto, idee divergenti si trasformano in discussioni o scontri aperti. Non vuoi che ci\u00f2 accada, vero? I tuoi colleghi si arrabbieranno sicuramente molto se dici cose che non avresti dovuto dire.&nbsp;<\/p>\n\n\n\n<p>Non essere d&#039;accordo \u00e8 normale; combattere, no. Se una conversazione influisce sulla tua tranquillit\u00e0, potrebbe essere una buona idea non essere reattivo. Praticare il silenzio al momento opportuno impedisce all\u2019umanit\u00e0 di commettere le pi\u00f9 diverse atrocit\u00e0.&nbsp;<\/p>\n\n\n\n<p>Alcune persone semplicemente non sanno come tenere a freno la lingua quando dovrebbero. Questo genere di cose provoca spesso forti mal di testa. Alcuni di loro sono irrecuperabili. Non fermatevi alle risorse umane per aggiornare i documenti inutilmente...\u00a0<\/p>\n\n\n\n<h2 class=\"wp-block-heading\"><strong>Riflessioni per la vita<\/strong>&nbsp;<\/h2>\n\n\n\n<p>Non puoi sbarazzarti completamente dei social media. Convivere con loro sul lavoro \u00e8 un obbligo di tutti; che sia un collaboratore o anche il titolare dell\u2019attivit\u00e0, non importa. La disciplina \u00e8 endemica. Viene insegnato attraverso l&#039;esempio.\u00a0<\/p>\n\n\n\n<p>Gli eccessi vanno evitati, e non \u00e8 solo una questione legata ai social. Alcuni comportamenti possono diventare dipendenze. Come previsto, a lungo termine causano danni alla salute fisica e mentale.\u00a0<\/p>\n\n\n\n<p>Alcuni individui devono sottoporsi a un trattamento per affrontare la dipendenza dai social media. \u00c8 importante notare che questo articolo non ha alcuna intenzione di dire che questo \u00e8 il tuo caso, tuttavia, se la ricerca di cose nuove \u00e8 incessante, non puoi passare mezz&#039;ora lontano dallo schermo del cellulare o hai bisogno di una costante convalida sociale, potrebbe essere un&#039;ottima idea, parlane con un professionista.<\/p>\n\n\n\n<p>Tutti devono avere le proprie capacit\u00e0 mentali in piena efficienza. Talvolta l\u2019equilibrio viene rotto, ma \u00e8 parte della lotta individuale cercare aiuto quando necessario.&nbsp;<\/p>\n\n\n\n<p>Com\u2019\u00e8 il tuo rapporto tra social network e business? Vuoi condividere?&nbsp;<\/p>","protected":false},"excerpt":{"rendered":"<p>Secondo Statista, circa 4,59 miliardi di persone sono connesse ai pi\u00f9 svariati social network. Non c&#039;\u00e8 nessun posto dove scappare. Fanno parte della vita di una parte incredibilmente significativa della popolazione mondiale. Come previsto, non \u00e8 pi\u00f9 possibile separare la vita personale da quella digitale \u2013 n\u00e9 all\u2019interno\u2026 <a title=\"Usa i social network senza uccidere la produttivit\u00e0!\u00a0\" class=\"read-more\" href=\"https:\/\/jornalemfoco.online\/it\/entretenimento\/use-redes-sociais-sem-acabar-produtividade\/\" aria-label=\"Per saperne di pi\u00f9 su come usare i social network senza compromettere la produttivit\u00e0!\u00a0\">Continua a leggere\u2026<\/a><\/p>","protected":false},"author":93,"featured_media":22791,"comment_status":"closed","ping_status":"open","sticky":false,"template":"","format":"standard","meta":{"_acf_changed":false,"footnotes":""},"categories":[1],"tags":[],"acf":[],"yoast_head":"<!-- This site is optimized with the Yoast SEO plugin v24.2 - https:\/\/yoast.com\/wordpress\/plugins\/seo\/ -->\n<title>Use redes sociais sem acabar com a produtividade!\u00a0 - jornalemfoco.online<\/title>\n<meta name=\"description\" content=\"Apesar de muitos chefes ainda torcerem o nariz para esta ideia, sim - \u00e9 poss\u00edvel usar redes sociais com consci\u00eancia no trabalho!\" \/>\n<meta name=\"robots\" content=\"index, follow, max-snippet:-1, max-image-preview:large, max-video-preview:-1\" \/>\n<link rel=\"canonical\" href=\"https:\/\/jornalemfoco.online\/it\/entretenimento\/use-redes-sociais-sem-acabar-produtividade\/\" \/>\n<meta property=\"og:locale\" content=\"it_IT\" \/>\n<meta property=\"og:type\" content=\"article\" \/>\n<meta property=\"og:title\" content=\"Use redes sociais sem acabar com a produtividade!\u00a0 - jornalemfoco.online\" \/>\n<meta property=\"og:description\" content=\"Apesar de muitos chefes ainda torcerem o nariz para esta ideia, sim - \u00e9 poss\u00edvel usar redes sociais com consci\u00eancia no trabalho!\" \/>\n<meta property=\"og:url\" content=\"https:\/\/jornalemfoco.online\/it\/entretenimento\/use-redes-sociais-sem-acabar-produtividade\/\" \/>\n<meta property=\"og:site_name\" content=\"jornalemfoco.online\" \/>\n<meta property=\"article:published_time\" content=\"2023-11-17T18:04:10+00:00\" \/>\n<meta property=\"article:modified_time\" content=\"2023-11-17T18:04:11+00:00\" \/>\n<meta property=\"og:image\" content=\"https:\/\/jornalemfoco.online\/wp-content\/uploads\/2023\/11\/redes01.png\" \/>\n\t<meta property=\"og:image:width\" content=\"1200\" \/>\n\t<meta property=\"og:image:height\" content=\"800\" \/>\n\t<meta property=\"og:image:type\" content=\"image\/png\" \/>\n<meta name=\"author\" content=\"Rafael Motta\" \/>\n<meta name=\"twitter:card\" content=\"summary_large_image\" \/>\n<meta name=\"twitter:label1\" content=\"Scritto da\" \/>\n\t<meta name=\"twitter:data1\" content=\"Rafael Motta\" \/>\n\t<meta name=\"twitter:label2\" content=\"Tempo di lettura stimato\" \/>\n\t<meta name=\"twitter:data2\" content=\"6 minuti\" \/>\n<script type=\"application\/ld+json\" class=\"yoast-schema-graph\">{\"@context\":\"https:\/\/schema.org\",\"@graph\":[{\"@type\":\"Article\",\"@id\":\"https:\/\/jornalemfoco.online\/entretenimento\/use-redes-sociais-sem-acabar-produtividade\/#article\",\"isPartOf\":{\"@id\":\"https:\/\/jornalemfoco.online\/entretenimento\/use-redes-sociais-sem-acabar-produtividade\/\"},\"author\":{\"name\":\"Rafael Motta\",\"@id\":\"https:\/\/jornalemfoco.online\/#\/schema\/person\/fc518f01ecfc7a50f1b873d527545540\"},\"headline\":\"Use redes sociais sem acabar com a produtividade!\u00a0\",\"datePublished\":\"2023-11-17T18:04:10+00:00\",\"dateModified\":\"2023-11-17T18:04:11+00:00\",\"mainEntityOfPage\":{\"@id\":\"https:\/\/jornalemfoco.online\/entretenimento\/use-redes-sociais-sem-acabar-produtividade\/\"},\"wordCount\":1144,\"publisher\":{\"@id\":\"https:\/\/jornalemfoco.online\/#organization\"},\"image\":{\"@id\":\"https:\/\/jornalemfoco.online\/entretenimento\/use-redes-sociais-sem-acabar-produtividade\/#primaryimage\"},\"thumbnailUrl\":\"https:\/\/jornalemfoco.online\/wp-content\/uploads\/2023\/11\/redes01.png\",\"articleSection\":[\"ENTRETENIMENTO\"],\"inLanguage\":\"it-IT\"},{\"@type\":\"WebPage\",\"@id\":\"https:\/\/jornalemfoco.online\/entretenimento\/use-redes-sociais-sem-acabar-produtividade\/\",\"url\":\"https:\/\/jornalemfoco.online\/entretenimento\/use-redes-sociais-sem-acabar-produtividade\/\",\"name\":\"Use redes sociais sem acabar com a produtividade!\u00a0 - jornalemfoco.online\",\"isPartOf\":{\"@id\":\"https:\/\/jornalemfoco.online\/#website\"},\"primaryImageOfPage\":{\"@id\":\"https:\/\/jornalemfoco.online\/entretenimento\/use-redes-sociais-sem-acabar-produtividade\/#primaryimage\"},\"image\":{\"@id\":\"https:\/\/jornalemfoco.online\/entretenimento\/use-redes-sociais-sem-acabar-produtividade\/#primaryimage\"},\"thumbnailUrl\":\"https:\/\/jornalemfoco.online\/wp-content\/uploads\/2023\/11\/redes01.png\",\"datePublished\":\"2023-11-17T18:04:10+00:00\",\"dateModified\":\"2023-11-17T18:04:11+00:00\",\"description\":\"Apesar de muitos chefes ainda torcerem o nariz para esta ideia, sim - \u00e9 poss\u00edvel usar redes sociais com consci\u00eancia no trabalho!\",\"breadcrumb\":{\"@id\":\"https:\/\/jornalemfoco.online\/entretenimento\/use-redes-sociais-sem-acabar-produtividade\/#breadcrumb\"},\"inLanguage\":\"it-IT\",\"potentialAction\":[{\"@type\":\"ReadAction\",\"target\":[\"https:\/\/jornalemfoco.online\/entretenimento\/use-redes-sociais-sem-acabar-produtividade\/\"]}]},{\"@type\":\"ImageObject\",\"inLanguage\":\"it-IT\",\"@id\":\"https:\/\/jornalemfoco.online\/entretenimento\/use-redes-sociais-sem-acabar-produtividade\/#primaryimage\",\"url\":\"https:\/\/jornalemfoco.online\/wp-content\/uploads\/2023\/11\/redes01.png\",\"contentUrl\":\"https:\/\/jornalemfoco.online\/wp-content\/uploads\/2023\/11\/redes01.png\",\"width\":1200,\"height\":800,\"caption\":\"Redes sociais\"},{\"@type\":\"BreadcrumbList\",\"@id\":\"https:\/\/jornalemfoco.online\/entretenimento\/use-redes-sociais-sem-acabar-produtividade\/#breadcrumb\",\"itemListElement\":[{\"@type\":\"ListItem\",\"position\":1,\"name\":\"In\u00edcio\",\"item\":\"https:\/\/jornalemfoco.online\/\"},{\"@type\":\"ListItem\",\"position\":2,\"name\":\"Use redes sociais sem acabar com a produtividade!\u00a0\"}]},{\"@type\":\"WebSite\",\"@id\":\"https:\/\/jornalemfoco.online\/#website\",\"url\":\"https:\/\/jornalemfoco.online\/\",\"name\":\"jornalemfoco.online\",\"description\":\"\",\"publisher\":{\"@id\":\"https:\/\/jornalemfoco.online\/#organization\"},\"potentialAction\":[{\"@type\":\"SearchAction\",\"target\":{\"@type\":\"EntryPoint\",\"urlTemplate\":\"https:\/\/jornalemfoco.online\/?s={search_term_string}\"},\"query-input\":{\"@type\":\"PropertyValueSpecification\",\"valueRequired\":true,\"valueName\":\"search_term_string\"}}],\"inLanguage\":\"it-IT\"},{\"@type\":\"Organization\",\"@id\":\"https:\/\/jornalemfoco.online\/#organization\",\"name\":\"jornalemfoco.online\",\"url\":\"https:\/\/jornalemfoco.online\/\",\"logo\":{\"@type\":\"ImageObject\",\"inLanguage\":\"it-IT\",\"@id\":\"https:\/\/jornalemfoco.online\/#\/schema\/logo\/image\/\",\"url\":\"https:\/\/jornalemfoco.online\/wp-content\/uploads\/2023\/07\/LOGO.png\",\"contentUrl\":\"https:\/\/jornalemfoco.online\/wp-content\/uploads\/2023\/07\/LOGO.png\",\"width\":3334,\"height\":1072,\"caption\":\"jornalemfoco.online\"},\"image\":{\"@id\":\"https:\/\/jornalemfoco.online\/#\/schema\/logo\/image\/\"}},{\"@type\":\"Person\",\"@id\":\"https:\/\/jornalemfoco.online\/#\/schema\/person\/fc518f01ecfc7a50f1b873d527545540\",\"name\":\"Rafael Motta\",\"image\":{\"@type\":\"ImageObject\",\"inLanguage\":\"it-IT\",\"@id\":\"https:\/\/jornalemfoco.online\/#\/schema\/person\/image\/\",\"url\":\"https:\/\/secure.gravatar.com\/avatar\/7c1032588ecf7aff8b2d71c17a187c79?s=96&d=mm&r=g\",\"contentUrl\":\"https:\/\/secure.gravatar.com\/avatar\/7c1032588ecf7aff8b2d71c17a187c79?s=96&d=mm&r=g\",\"caption\":\"Rafael Motta\"},\"description\":\"Jornalista, palestrante, publicit\u00e1rio, CEO da ag\u00eancia Tr\u00eas Pontos Comunica\u00e7\u00e3o e apaixonado por tecnologia. Trabalhei como editor-chefe em alguns dos maiores portais de not\u00edcias especializados em blockchain. Inova\u00e7\u00e3o \u00e9 o que me move todos os dias.\",\"url\":\"https:\/\/jornalemfoco.online\/it\/author\/rafael\/\"}]}<\/script>\n<!-- \/ Yoast SEO plugin. -->","yoast_head_json":{"title":"Use redes sociais sem acabar com a produtividade!\u00a0 - jornalemfoco.online","description":"Apesar de muitos chefes ainda torcerem o nariz para esta ideia, sim - \u00e9 poss\u00edvel usar redes sociais com consci\u00eancia no trabalho!","robots":{"index":"index","follow":"follow","max-snippet":"max-snippet:-1","max-image-preview":"max-image-preview:large","max-video-preview":"max-video-preview:-1"},"canonical":"https:\/\/jornalemfoco.online\/it\/entretenimento\/use-redes-sociais-sem-acabar-produtividade\/","og_locale":"it_IT","og_type":"article","og_title":"Use redes sociais sem acabar com a produtividade!\u00a0 - jornalemfoco.online","og_description":"Apesar de muitos chefes ainda torcerem o nariz para esta ideia, sim - \u00e9 poss\u00edvel usar redes sociais com consci\u00eancia no trabalho!","og_url":"https:\/\/jornalemfoco.online\/it\/entretenimento\/use-redes-sociais-sem-acabar-produtividade\/","og_site_name":"jornalemfoco.online","article_published_time":"2023-11-17T18:04:10+00:00","article_modified_time":"2023-11-17T18:04:11+00:00","og_image":[{"width":1200,"height":800,"url":"https:\/\/jornalemfoco.online\/wp-content\/uploads\/2023\/11\/redes01.png","type":"image\/png"}],"author":"Rafael Motta","twitter_card":"summary_large_image","twitter_misc":{"Scritto da":"Rafael Motta","Tempo di lettura stimato":"6 minuti"},"schema":{"@context":"https:\/\/schema.org","@graph":[{"@type":"Article","@id":"https:\/\/jornalemfoco.online\/entretenimento\/use-redes-sociais-sem-acabar-produtividade\/#article","isPartOf":{"@id":"https:\/\/jornalemfoco.online\/entretenimento\/use-redes-sociais-sem-acabar-produtividade\/"},"author":{"name":"Rafael Motta","@id":"https:\/\/jornalemfoco.online\/#\/schema\/person\/fc518f01ecfc7a50f1b873d527545540"},"headline":"Use redes sociais sem acabar com a produtividade!\u00a0","datePublished":"2023-11-17T18:04:10+00:00","dateModified":"2023-11-17T18:04:11+00:00","mainEntityOfPage":{"@id":"https:\/\/jornalemfoco.online\/entretenimento\/use-redes-sociais-sem-acabar-produtividade\/"},"wordCount":1144,"publisher":{"@id":"https:\/\/jornalemfoco.online\/#organization"},"image":{"@id":"https:\/\/jornalemfoco.online\/entretenimento\/use-redes-sociais-sem-acabar-produtividade\/#primaryimage"},"thumbnailUrl":"https:\/\/jornalemfoco.online\/wp-content\/uploads\/2023\/11\/redes01.png","articleSection":["ENTRETENIMENTO"],"inLanguage":"it-IT"},{"@type":"WebPage","@id":"https:\/\/jornalemfoco.online\/entretenimento\/use-redes-sociais-sem-acabar-produtividade\/","url":"https:\/\/jornalemfoco.online\/entretenimento\/use-redes-sociais-sem-acabar-produtividade\/","name":"Use redes sociais sem acabar com a produtividade!\u00a0 - jornalemfoco.online","isPartOf":{"@id":"https:\/\/jornalemfoco.online\/#website"},"primaryImageOfPage":{"@id":"https:\/\/jornalemfoco.online\/entretenimento\/use-redes-sociais-sem-acabar-produtividade\/#primaryimage"},"image":{"@id":"https:\/\/jornalemfoco.online\/entretenimento\/use-redes-sociais-sem-acabar-produtividade\/#primaryimage"},"thumbnailUrl":"https:\/\/jornalemfoco.online\/wp-content\/uploads\/2023\/11\/redes01.png","datePublished":"2023-11-17T18:04:10+00:00","dateModified":"2023-11-17T18:04:11+00:00","description":"Apesar de muitos chefes ainda torcerem o nariz para esta ideia, sim - \u00e9 poss\u00edvel usar redes sociais com consci\u00eancia no trabalho!","breadcrumb":{"@id":"https:\/\/jornalemfoco.online\/entretenimento\/use-redes-sociais-sem-acabar-produtividade\/#breadcrumb"},"inLanguage":"it-IT","potentialAction":[{"@type":"ReadAction","target":["https:\/\/jornalemfoco.online\/entretenimento\/use-redes-sociais-sem-acabar-produtividade\/"]}]},{"@type":"ImageObject","inLanguage":"it-IT","@id":"https:\/\/jornalemfoco.online\/entretenimento\/use-redes-sociais-sem-acabar-produtividade\/#primaryimage","url":"https:\/\/jornalemfoco.online\/wp-content\/uploads\/2023\/11\/redes01.png","contentUrl":"https:\/\/jornalemfoco.online\/wp-content\/uploads\/2023\/11\/redes01.png","width":1200,"height":800,"caption":"Redes sociais"},{"@type":"BreadcrumbList","@id":"https:\/\/jornalemfoco.online\/entretenimento\/use-redes-sociais-sem-acabar-produtividade\/#breadcrumb","itemListElement":[{"@type":"ListItem","position":1,"name":"In\u00edcio","item":"https:\/\/jornalemfoco.online\/"},{"@type":"ListItem","position":2,"name":"Use redes sociais sem acabar com a produtividade!\u00a0"}]},{"@type":"WebSite","@id":"https:\/\/jornalemfoco.online\/#website","url":"https:\/\/jornalemfoco.online\/","name":"jornalemfoco.online","description":"","publisher":{"@id":"https:\/\/jornalemfoco.online\/#organization"},"potentialAction":[{"@type":"SearchAction","target":{"@type":"EntryPoint","urlTemplate":"https:\/\/jornalemfoco.online\/?s={search_term_string}"},"query-input":{"@type":"PropertyValueSpecification","valueRequired":true,"valueName":"search_term_string"}}],"inLanguage":"it-IT"},{"@type":"Organization","@id":"https:\/\/jornalemfoco.online\/#organization","name":"jornalemfoco.online","url":"https:\/\/jornalemfoco.online\/","logo":{"@type":"ImageObject","inLanguage":"it-IT","@id":"https:\/\/jornalemfoco.online\/#\/schema\/logo\/image\/","url":"https:\/\/jornalemfoco.online\/wp-content\/uploads\/2023\/07\/LOGO.png","contentUrl":"https:\/\/jornalemfoco.online\/wp-content\/uploads\/2023\/07\/LOGO.png","width":3334,"height":1072,"caption":"jornalemfoco.online"},"image":{"@id":"https:\/\/jornalemfoco.online\/#\/schema\/logo\/image\/"}},{"@type":"Person","@id":"https:\/\/jornalemfoco.online\/#\/schema\/person\/fc518f01ecfc7a50f1b873d527545540","name":"Rafael Motta","image":{"@type":"ImageObject","inLanguage":"it-IT","@id":"https:\/\/jornalemfoco.online\/#\/schema\/person\/image\/","url":"https:\/\/secure.gravatar.com\/avatar\/7c1032588ecf7aff8b2d71c17a187c79?s=96&d=mm&r=g","contentUrl":"https:\/\/secure.gravatar.com\/avatar\/7c1032588ecf7aff8b2d71c17a187c79?s=96&d=mm&r=g","caption":"Rafael Motta"},"description":"Jornalista, palestrante, publicit\u00e1rio, CEO da ag\u00eancia Tr\u00eas Pontos Comunica\u00e7\u00e3o e apaixonado por tecnologia. Trabalhei como editor-chefe em alguns dos maiores portais de not\u00edcias especializados em blockchain. Inova\u00e7\u00e3o \u00e9 o que me move todos os dias.","url":"https:\/\/jornalemfoco.online\/it\/author\/rafael\/"}]}},"_links":{"self":[{"href":"https:\/\/jornalemfoco.online\/it\/wp-json\/wp\/v2\/posts\/22765"}],"collection":[{"href":"https:\/\/jornalemfoco.online\/it\/wp-json\/wp\/v2\/posts"}],"about":[{"href":"https:\/\/jornalemfoco.online\/it\/wp-json\/wp\/v2\/types\/post"}],"author":[{"embeddable":true,"href":"https:\/\/jornalemfoco.online\/it\/wp-json\/wp\/v2\/users\/93"}],"replies":[{"embeddable":true,"href":"https:\/\/jornalemfoco.online\/it\/wp-json\/wp\/v2\/comments?post=22765"}],"version-history":[{"count":4,"href":"https:\/\/jornalemfoco.online\/it\/wp-json\/wp\/v2\/posts\/22765\/revisions"}],"predecessor-version":[{"id":22787,"href":"https:\/\/jornalemfoco.online\/it\/wp-json\/wp\/v2\/posts\/22765\/revisions\/22787"}],"wp:featuredmedia":[{"embeddable":true,"href":"https:\/\/jornalemfoco.online\/it\/wp-json\/wp\/v2\/media\/22791"}],"wp:attachment":[{"href":"https:\/\/jornalemfoco.online\/it\/wp-json\/wp\/v2\/media?parent=22765"}],"wp:term":[{"taxonomy":"category","embeddable":true,"href":"https:\/\/jornalemfoco.online\/it\/wp-json\/wp\/v2\/categories?post=22765"},{"taxonomy":"post_tag","embeddable":true,"href":"https:\/\/jornalemfoco.online\/it\/wp-json\/wp\/v2\/tags?post=22765"}],"curies":[{"name":"wp","href":"https:\/\/api.w.org\/{rel}","templated":true}]}}