{"id":23102,"date":"2023-12-06T19:56:52","date_gmt":"2023-12-06T22:56:52","guid":{"rendered":"https:\/\/jornalemfoco.online\/?p=23102"},"modified":"2023-12-06T19:56:52","modified_gmt":"2023-12-06T22:56:52","slug":"dicas-para-editar-fotos-em-redes-sociais","status":"publish","type":"post","link":"https:\/\/jornalemfoco.online\/de\/dicas\/dicas-para-editar-fotos-em-redes-sociais\/","title":{"rendered":"Tipps zum Bearbeiten von Fotos f\u00fcr soziale Medien wie ein Profi\u00a0"},"content":{"rendered":"<p>Es macht durchaus Sinn, dass die Bearbeitung von Fotos f\u00fcr soziale Medien ein weltweites Ph\u00e4nomen ist. Es gibt verschiedene Filter und Elemente, die hinzugef\u00fcgt werden k\u00f6nnen, um Ver\u00f6ffentlichungen neues Leben einzuhauchen.<\/p>\r\n\r\n\r\n\r\n<p>Egal, ob Sie das perfekte Selfie machen oder die lang erwartete Auslandsreise veranschaulichen m\u00f6chten, es mangelt nicht an Ressourcen, um jeden dieser Momente einfach unvergesslich zu machen. Und das Beste daran ist, dass Sie alle diese Tools direkt in der Hand haben.\u00a0<\/p>\r\n\r\n\r\n\r\n<p>M\u00f6chten Sie wissen, wie Sie Fotos f\u00fcr soziale Medien wie ein echter Profi bearbeiten? M\u00f6chten Sie die Sichtbarkeit Ihrer Profile und Seiten erh\u00f6hen? Nutzen Sie jeden Moment, um Wissen aufzunehmen \u2013 das wertvollste Gut, das es gibt.\u00a0<\/p>\r\n\r\n\r\n<div class=\"wp-block-image\">\r\n<figure class=\"aligncenter size-full\"><img fetchpriority=\"high\" decoding=\"async\" width=\"400\" height=\"400\" class=\"wp-image-23105\" src=\"https:\/\/jornalemfoco.online\/wp-content\/uploads\/2023\/12\/image-4.png\" alt=\"\" srcset=\"https:\/\/jornalemfoco.online\/wp-content\/uploads\/2023\/12\/image-4.png 400w, https:\/\/jornalemfoco.online\/wp-content\/uploads\/2023\/12\/image-4-300x300.png 300w, https:\/\/jornalemfoco.online\/wp-content\/uploads\/2023\/12\/image-4-150x150.png 150w, https:\/\/jornalemfoco.online\/wp-content\/uploads\/2023\/12\/image-4-12x12.png 12w\" sizes=\"(max-width: 400px) 100vw, 400px\" \/><\/figure><\/div>\r\n\r\n\r\n<h2 class=\"wp-block-heading\">\u00a0<\/h2>\r\n<h2 class=\"wp-block-heading\"><strong>Ist das Bearbeiten von Fotos kompliziert?<\/strong>\u00a0<\/h2>\r\n\r\n\r\n\r\n<p>Es kommt wirklich darauf an, wonach Sie suchen. Im Allgemeinen gilt: Wenn Sie Elemente zu Bildern hinzuf\u00fcgen und Anpassungen vornehmen m\u00f6chten, ist der Vorgang sehr einfach und kann in wenigen Tagen erlernt werden.\u00a0<\/p>\r\n\r\n\r\n\r\n<p>Zum Beispiel die <strong>Instagram <\/strong>(verf\u00fcgbar um <a href=\"https:\/\/www.google.com\/url?sa=t&amp;rct=j&amp;q=&amp;esrc=s&amp;source=web&amp;cd=&amp;cad=rja&amp;uact=8&amp;ved=2ahUKEwias-jusO6CAxXOrpUCHdAJAwgQFnoECA0QAQ&amp;url=https%3A%2F%2Fapps.apple.com%2Fbr%2Fapp%2Finstagram%2Fid389801252&amp;usg=AOvVaw3XJmQkH97FDH3dMG8ua__p&amp;opi=89978449\" target=\"_blank\" rel=\"noreferrer noopener\">Appstore<\/a> und in <a href=\"https:\/\/www.google.com\/url?sa=t&amp;rct=j&amp;q=&amp;esrc=s&amp;source=web&amp;cd=&amp;cad=rja&amp;uact=8&amp;ved=2ahUKEwias-jusO6CAxXOrpUCHdAJAwgQFnoECA4QAQ&amp;url=https%3A%2F%2Fplay.google.com%2Fstore%2Fapps%2Fdetails%3Fid%3Dcom.instagram.android%26hl%3Dpt_BR%26gl%3DUS&amp;usg=AOvVaw2e-0QgmOlrd-YsqR63HcUv&amp;opi=89978449\" target=\"_blank\" rel=\"noreferrer noopener\">Google Play<\/a>) verf\u00fcgt standardm\u00e4\u00dfig \u00fcber Dutzende sehr interessanter Filter und erm\u00f6glicht dar\u00fcber hinaus mehrere Feineinstellungen an Ihren Lieblingsfotos. Ebenso gibt es andere komplexere Software f\u00fcr gewagtere Arbeiten.\u00a0<\/p>\r\n\r\n\r\n\r\n<p>Auf jeden Fall ist dieses fesselnde Universum des Designs f\u00fcr jedermann zug\u00e4nglich. Es gibt Optionen f\u00fcr jeden Geschmack und jedes Publikum, die von Anf\u00e4ngern, Enthusiasten und Profis erkundet werden k\u00f6nnen (und sollten).\u00a0<\/p>\r\n\r\n\r\n\r\n<h2 class=\"wp-block-heading\"><strong>Wie bearbeite ich Fotos f\u00fcr soziale Medien?<\/strong>\u00a0<\/h2>\r\n\r\n\r\n\r\n<p>Nachfolgend finden Sie wichtige Tipps f\u00fcr die Erstellung der besten Ver\u00f6ffentlichungen Ihres Lebens. Sie werden sp\u00e4ter dankbar sein; glauben. \ud83d\ude09 \u00a0<\/p>\r\n\r\n\r\n\r\n<h3 class=\"wp-block-heading\"><strong>Kreieren Sie Ihren eigenen Stil<\/strong>\u00a0<\/h3>\r\n\r\n\r\n\r\n<p>Wissen Sie, was praktisch alle gro\u00dfen Influencer gemeinsam haben? Pers\u00f6nlichkeit. Seine Ver\u00f6ffentlichungen zeichnen sich in der Regel durch eine einzigartige \u00c4sthetik aus, die sich direkt auf sein Werk bezieht. \u00a0<\/p>\r\n\r\n\r\n\r\n<p>Digitale Vermarkter nennen dieses Konzept <strong>Branding<\/strong>. Es geht darum, eine visuelle Identit\u00e4t zu schaffen, die zur Referenz f\u00fcr das wird, was Sie im Internet anbieten \u2013 in diesem Fall unglaubliche Bilder.\u00a0<\/p>\r\n\r\n\r\n\r\n<p>Sie k\u00f6nnen Ihr eigenes Markenkit erstellen und Ihre Bilder nach bestimmten \u00e4sthetischen Standards bearbeiten. Daher werden die Leute solche Muster mit Ihrem Namen assoziieren. Dieser Prozess kann zwar einige Zeit in Anspruch nehmen \u2013 auf lange Sicht ist er aber unglaublich vorteilhaft.\u00a0<\/p>\r\n\r\n\r\n\r\n<figure class=\"wp-block-image size-full\"><img decoding=\"async\" width=\"400\" height=\"400\" class=\"wp-image-23104\" src=\"https:\/\/jornalemfoco.online\/wp-content\/uploads\/2023\/12\/image-3.png\" alt=\"\" srcset=\"https:\/\/jornalemfoco.online\/wp-content\/uploads\/2023\/12\/image-3.png 400w, https:\/\/jornalemfoco.online\/wp-content\/uploads\/2023\/12\/image-3-300x300.png 300w, https:\/\/jornalemfoco.online\/wp-content\/uploads\/2023\/12\/image-3-150x150.png 150w, https:\/\/jornalemfoco.online\/wp-content\/uploads\/2023\/12\/image-3-12x12.png 12w\" sizes=\"(max-width: 400px) 100vw, 400px\" \/><\/figure>\r\n\r\n\r\n\r\n<p>&nbsp;<\/p>\r\n<p><strong>Lesen Sie auch: <a href=\"https:\/\/jornalemfoco.online\/de\/tecnologia\/o-que-sao-algoritmos-e-como-usar-corretamente\/\" target=\"_blank\" rel=\"noreferrer noopener\">Was sind Algorithmen? Wie verwendet man sie richtig?<\/a><\/strong><\/p>\r\n\r\n\r\n\r\n<h3 class=\"wp-block-heading\"><strong>Referenzen suchen<\/strong>\u00a0<\/h3>\r\n\r\n\r\n\r\n<p>Identifizieren Sie Elemente, die Ihnen in anderen Profilfotos gefallen. Viele davon k\u00f6nnen relevante Inspiration f\u00fcr Ihre eigene Kunst sein. \u00a0<\/p>\r\n\r\n\r\n\r\n<p>Dieser Prozess kann einige Zeit in Anspruch nehmen, da er eine umfassendere Recherche \u00fcber die Arbeit Dritter erfordert. Aber alle gro\u00dfen Namen der Branche verlassen sich auf Best Practices; Warum w\u00fcrdest du nicht dasselbe tun?!\u00a0<\/p>\r\n\r\n\r\n\r\n<h3 class=\"wp-block-heading\"><strong>W\u00e4hlen Sie Ihr Bearbeitungsprogramm<\/strong>\u00a0<\/h3>\r\n\r\n\r\n\r\n<p>An sensationellen M\u00f6glichkeiten, Fotos f\u00fcr soziale Medien zu bearbeiten, mangelt es nicht. Der erste Name, der den meisten Menschen in den Sinn kommt, ist <strong>Adobe Photoshop<\/strong>, eine der mehreren Komponenten der Adobe-Suite, eine Referenz, wenn es um Grafikdesign geht.\u00a0<\/p>\r\n\r\n\r\n\r\n<p>Es ist das leistungsf\u00e4higste Werkzeug der Welt, um Bilder zu manipulieren und ihnen neues Leben einzuhauchen. Allerdings ist es wichtig zu erw\u00e4hnen, dass es auch eines der komplexesten ist. Es kann erforderlich sein, einen relativ umfangreichen Kurs zu belegen, um zu verstehen, wie alle Hauptfunktionen genutzt werden k\u00f6nnen. \u00a0<\/p>\r\n\r\n\r\n\r\n<p>Wenn Ihr Ziel hingegen darin besteht, einfachere Aufgaben, aber mit unglaublicher Qualit\u00e4t, auszuf\u00fchren, ist das <strong>Canva<\/strong> kann eine der besten Entscheidungen sein. Die Benutzeroberfl\u00e4che ist unglaublich intuitiv und vor Kurzem haben die Entwickler Tools f\u00fcr k\u00fcnstliche Intelligenz (KI) hinzugef\u00fcgt, um einzigartige und personalisierte Bilder sowie automatische Bearbeitungen zu erstellen.\u00a0<\/p>\r\n\r\n\r\n\r\n<figure class=\"wp-block-image size-full\"><img decoding=\"async\" width=\"400\" height=\"400\" class=\"wp-image-23103\" src=\"https:\/\/jornalemfoco.online\/wp-content\/uploads\/2023\/12\/image-2.png\" alt=\"\" srcset=\"https:\/\/jornalemfoco.online\/wp-content\/uploads\/2023\/12\/image-2.png 400w, https:\/\/jornalemfoco.online\/wp-content\/uploads\/2023\/12\/image-2-300x300.png 300w, https:\/\/jornalemfoco.online\/wp-content\/uploads\/2023\/12\/image-2-150x150.png 150w, https:\/\/jornalemfoco.online\/wp-content\/uploads\/2023\/12\/image-2-12x12.png 12w\" sizes=\"(max-width: 400px) 100vw, 400px\" \/><\/figure>\r\n\r\n\r\n\r\n<p>Die Verwendung von Canva zu erlernen ist eine viel einfachere Aufgabe als die Beherrschung von Photoshop; Dar\u00fcber hinaus erf\u00fcllt es normalerweise 90%-Nutzungsszenarien (oder mehr). Selbst Branchenprofis k\u00f6nnen mit der Software \u00fcberraschende Ergebnisse liefern.\u00a0<\/p>\r\n\r\n\r\n\r\n<p>Probieren Sie die kostenlosen Versionen jeder App aus, bevor Sie eine Entscheidung treffen: Die Wahl zwischen der einen und der anderen ist schlie\u00dflich sehr pers\u00f6nlich.<\/p>\r\n\r\n\r\n\r\n<h3 class=\"wp-block-heading\"><strong>Testen Sie alle Filter und Voreinstellungen<\/strong>\u00a0<\/h3>\r\n\r\n\r\n\r\n<p>Sowohl die oben erw\u00e4hnte Bearbeitungssoftware als auch die sozialen Netzwerke selbst verf\u00fcgen \u00fcber sehr interessante Filter und Voreinstellungen. Eine gute M\u00f6glichkeit, den gew\u00fcnschten Stil zu finden, besteht darin, ihn vollst\u00e4ndig zu erkunden und alle M\u00f6glichkeiten zu verstehen.\u00a0<\/p>\r\n\r\n\r\n\r\n<p>Wenn Sie beispielsweise ein Pin-up-Shooting machen m\u00f6chten, sind Vintage-Filter m\u00f6glicherweise die beste Wahl. Farbfilter k\u00f6nnen einem Bild auch ein neues Aussehen verleihen, wodurch es viel mehr Spa\u00df macht und ansprechender wirkt.\u00a0<\/p>\r\n\r\n\r\n\r\n<p>Sie werden viele Stunden damit verbringen, Spa\u00df beim Testen von Voreinstellungen und Filtern zu haben. Die M\u00f6glichkeiten sind praktisch endlos. Produzieren Sie auff\u00e4llige Inhalte, aber immer mit viel Geschmack.\u00a0<\/p>\r\n\r\n\r\n\r\n<h3 class=\"wp-block-heading\"><strong>Organisieren Sie Ihre Galerie<\/strong>\u00a0<\/h3>\r\n\r\n\r\n\r\n<p>Halten Sie Ihre Fotos immer organisiert, damit Sie sie leichter ausw\u00e4hlen und abrufen k\u00f6nnen. Beim Bearbeiten von Fotos f\u00fcr soziale Medien kann es eine echte Herausforderung sein, das zu finden, was Sie brauchen, insbesondere wenn Ihre Galerie voller Informationen ist.<\/p>\r\n\r\n\r\n\r\n<p>Wie w\u00e4re es, anstatt all das durchzumachen, sich f\u00fcr ein saubereres Leben zu entscheiden?\u00a0<\/p>\r\n\r\n\r\n\r\n<h3 class=\"wp-block-heading\"><strong>Spielen Sie mit Farben<\/strong>\u00a0<\/h3>\r\n\r\n\r\n\r\n<p>Helligkeit, Kontrast und S\u00e4ttigung geh\u00f6ren zu den drei wichtigsten Feineinstellungen f\u00fcr Ihre Selfies. Mit ihnen kann beispielsweise ein Bild, das undurchsichtig oder zu bunt erscheint, angepasst werden, um es sauberer und realistischer zu machen.\u00a0<\/p>\r\n\r\n\r\n\r\n<p>Ihr Ziel k\u00f6nnte genau das Gegenteil sein: etwas Auff\u00e4lligeres, Gr\u00f6\u00dferes und Extravaganteres zu schaffen. Dies kann durch diese Optimierungen leicht erreicht werden. \u00a0<\/p>\r\n\r\n\r\n\r\n<h2 class=\"wp-block-heading\"><strong>Du wurdest zum Strahlen gebracht!<\/strong>\u00a0<\/h2>\r\n\r\n\r\n\r\n<p>Das Bearbeiten von Fotos f\u00fcr soziale Medien kann eine \u00e4u\u00dferst unterhaltsame und unterhaltsame Aktivit\u00e4t sein. Es ist eine gute M\u00f6glichkeit, Ihr Selbstwertgef\u00fchl zu verbessern und der Welt zu zeigen, wer Sie wirklich sind.<\/p>\r\n\r\n\r\n\r\n<p>Behandeln Sie Ihre Seiten ab heute mit diesen unglaublichen Tipps viel sorgf\u00e4ltiger.\u00a0<\/p>","protected":false},"excerpt":{"rendered":"<p>Es macht durchaus Sinn, dass die Bearbeitung von Fotos f\u00fcr soziale Medien ein weltweites Ph\u00e4nomen ist. Es gibt verschiedene Filter und Elemente, die hinzugef\u00fcgt werden k\u00f6nnen, um Ver\u00f6ffentlichungen neues Leben einzuhauchen. Egal, ob Sie das perfekte Selfie machen oder die lang erwartete Auslandsreise veranschaulichen m\u00f6chten, es mangelt nicht an Ressourcen, um jedes Foto zu machen \u2026 <a title=\"Tipps zum Bearbeiten von Fotos f\u00fcr soziale Medien wie ein Profi\u00a0\" class=\"read-more\" href=\"https:\/\/jornalemfoco.online\/de\/dicas\/dicas-para-editar-fotos-em-redes-sociais\/\" aria-label=\"Weitere Informationen zu Tipps zum Bearbeiten von Fotos f\u00fcr soziale Medien wie ein Profi\u00a0\">Weiter lesen\u2026<\/a><\/p>","protected":false},"author":93,"featured_media":23109,"comment_status":"closed","ping_status":"open","sticky":false,"template":"","format":"standard","meta":{"_acf_changed":false,"footnotes":""},"categories":[72],"tags":[],"acf":[],"yoast_head":"<!-- This site is optimized with the Yoast SEO plugin v24.2 - https:\/\/yoast.com\/wordpress\/plugins\/seo\/ -->\n<title>Dicas para editar fotos para redes sociais como um profissional\u00a0 - jornalemfoco.online<\/title>\n<meta name=\"description\" content=\"Est\u00e1 com s\u00e9rias dificuldades para criar uma personalidade \u00fanica em suas redes sociais? Editar fotos da maneira certa pode ser o caminho!\" \/>\n<meta name=\"robots\" content=\"index, follow, max-snippet:-1, max-image-preview:large, max-video-preview:-1\" \/>\n<link rel=\"canonical\" href=\"https:\/\/jornalemfoco.online\/de\/dicas\/dicas-para-editar-fotos-em-redes-sociais\/\" \/>\n<meta property=\"og:locale\" content=\"de_DE\" \/>\n<meta property=\"og:type\" content=\"article\" \/>\n<meta property=\"og:title\" content=\"Dicas para editar fotos para redes sociais como um profissional\u00a0 - jornalemfoco.online\" \/>\n<meta property=\"og:description\" content=\"Est\u00e1 com s\u00e9rias dificuldades para criar uma personalidade \u00fanica em suas redes sociais? Editar fotos da maneira certa pode ser o caminho!\" \/>\n<meta property=\"og:url\" content=\"https:\/\/jornalemfoco.online\/de\/dicas\/dicas-para-editar-fotos-em-redes-sociais\/\" \/>\n<meta property=\"og:site_name\" content=\"jornalemfoco.online\" \/>\n<meta property=\"article:published_time\" content=\"2023-12-06T22:56:52+00:00\" \/>\n<meta property=\"og:image\" content=\"https:\/\/jornalemfoco.online\/wp-content\/uploads\/2023\/12\/fotos01.png\" \/>\n\t<meta property=\"og:image:width\" content=\"1200\" \/>\n\t<meta property=\"og:image:height\" content=\"675\" \/>\n\t<meta property=\"og:image:type\" content=\"image\/png\" \/>\n<meta name=\"author\" content=\"Rafael Motta\" \/>\n<meta name=\"twitter:card\" content=\"summary_large_image\" \/>\n<meta name=\"twitter:label1\" content=\"Verfasst von\" \/>\n\t<meta name=\"twitter:data1\" content=\"Rafael Motta\" \/>\n\t<meta name=\"twitter:label2\" content=\"Gesch\u00e4tzte Lesezeit\" \/>\n\t<meta name=\"twitter:data2\" content=\"6\u00a0Minuten\" \/>\n<script type=\"application\/ld+json\" class=\"yoast-schema-graph\">{\"@context\":\"https:\/\/schema.org\",\"@graph\":[{\"@type\":\"Article\",\"@id\":\"https:\/\/jornalemfoco.online\/dicas\/dicas-para-editar-fotos-em-redes-sociais\/#article\",\"isPartOf\":{\"@id\":\"https:\/\/jornalemfoco.online\/dicas\/dicas-para-editar-fotos-em-redes-sociais\/\"},\"author\":{\"name\":\"Rafael Motta\",\"@id\":\"https:\/\/jornalemfoco.online\/#\/schema\/person\/fc518f01ecfc7a50f1b873d527545540\"},\"headline\":\"Dicas para editar fotos para redes sociais como um profissional\u00a0\",\"datePublished\":\"2023-12-06T22:56:52+00:00\",\"dateModified\":\"2023-12-06T22:56:52+00:00\",\"mainEntityOfPage\":{\"@id\":\"https:\/\/jornalemfoco.online\/dicas\/dicas-para-editar-fotos-em-redes-sociais\/\"},\"wordCount\":983,\"publisher\":{\"@id\":\"https:\/\/jornalemfoco.online\/#organization\"},\"image\":{\"@id\":\"https:\/\/jornalemfoco.online\/dicas\/dicas-para-editar-fotos-em-redes-sociais\/#primaryimage\"},\"thumbnailUrl\":\"https:\/\/jornalemfoco.online\/wp-content\/uploads\/2023\/12\/fotos01.png\",\"articleSection\":[\"DICAS\"],\"inLanguage\":\"de\"},{\"@type\":\"WebPage\",\"@id\":\"https:\/\/jornalemfoco.online\/dicas\/dicas-para-editar-fotos-em-redes-sociais\/\",\"url\":\"https:\/\/jornalemfoco.online\/dicas\/dicas-para-editar-fotos-em-redes-sociais\/\",\"name\":\"Dicas para editar fotos para redes sociais como um profissional\u00a0 - jornalemfoco.online\",\"isPartOf\":{\"@id\":\"https:\/\/jornalemfoco.online\/#website\"},\"primaryImageOfPage\":{\"@id\":\"https:\/\/jornalemfoco.online\/dicas\/dicas-para-editar-fotos-em-redes-sociais\/#primaryimage\"},\"image\":{\"@id\":\"https:\/\/jornalemfoco.online\/dicas\/dicas-para-editar-fotos-em-redes-sociais\/#primaryimage\"},\"thumbnailUrl\":\"https:\/\/jornalemfoco.online\/wp-content\/uploads\/2023\/12\/fotos01.png\",\"datePublished\":\"2023-12-06T22:56:52+00:00\",\"dateModified\":\"2023-12-06T22:56:52+00:00\",\"description\":\"Est\u00e1 com s\u00e9rias dificuldades para criar uma personalidade \u00fanica em suas redes sociais? Editar fotos da maneira certa pode ser o caminho!\",\"breadcrumb\":{\"@id\":\"https:\/\/jornalemfoco.online\/dicas\/dicas-para-editar-fotos-em-redes-sociais\/#breadcrumb\"},\"inLanguage\":\"de\",\"potentialAction\":[{\"@type\":\"ReadAction\",\"target\":[\"https:\/\/jornalemfoco.online\/dicas\/dicas-para-editar-fotos-em-redes-sociais\/\"]}]},{\"@type\":\"ImageObject\",\"inLanguage\":\"de\",\"@id\":\"https:\/\/jornalemfoco.online\/dicas\/dicas-para-editar-fotos-em-redes-sociais\/#primaryimage\",\"url\":\"https:\/\/jornalemfoco.online\/wp-content\/uploads\/2023\/12\/fotos01.png\",\"contentUrl\":\"https:\/\/jornalemfoco.online\/wp-content\/uploads\/2023\/12\/fotos01.png\",\"width\":1200,\"height\":675,\"caption\":\"Editar fotos\"},{\"@type\":\"BreadcrumbList\",\"@id\":\"https:\/\/jornalemfoco.online\/dicas\/dicas-para-editar-fotos-em-redes-sociais\/#breadcrumb\",\"itemListElement\":[{\"@type\":\"ListItem\",\"position\":1,\"name\":\"In\u00edcio\",\"item\":\"https:\/\/jornalemfoco.online\/\"},{\"@type\":\"ListItem\",\"position\":2,\"name\":\"Dicas para editar fotos para redes sociais como um profissional\u00a0\"}]},{\"@type\":\"WebSite\",\"@id\":\"https:\/\/jornalemfoco.online\/#website\",\"url\":\"https:\/\/jornalemfoco.online\/\",\"name\":\"jornalemfoco.online\",\"description\":\"\",\"publisher\":{\"@id\":\"https:\/\/jornalemfoco.online\/#organization\"},\"potentialAction\":[{\"@type\":\"SearchAction\",\"target\":{\"@type\":\"EntryPoint\",\"urlTemplate\":\"https:\/\/jornalemfoco.online\/?s={search_term_string}\"},\"query-input\":{\"@type\":\"PropertyValueSpecification\",\"valueRequired\":true,\"valueName\":\"search_term_string\"}}],\"inLanguage\":\"de\"},{\"@type\":\"Organization\",\"@id\":\"https:\/\/jornalemfoco.online\/#organization\",\"name\":\"jornalemfoco.online\",\"url\":\"https:\/\/jornalemfoco.online\/\",\"logo\":{\"@type\":\"ImageObject\",\"inLanguage\":\"de\",\"@id\":\"https:\/\/jornalemfoco.online\/#\/schema\/logo\/image\/\",\"url\":\"https:\/\/jornalemfoco.online\/wp-content\/uploads\/2023\/07\/LOGO.png\",\"contentUrl\":\"https:\/\/jornalemfoco.online\/wp-content\/uploads\/2023\/07\/LOGO.png\",\"width\":3334,\"height\":1072,\"caption\":\"jornalemfoco.online\"},\"image\":{\"@id\":\"https:\/\/jornalemfoco.online\/#\/schema\/logo\/image\/\"}},{\"@type\":\"Person\",\"@id\":\"https:\/\/jornalemfoco.online\/#\/schema\/person\/fc518f01ecfc7a50f1b873d527545540\",\"name\":\"Rafael Motta\",\"image\":{\"@type\":\"ImageObject\",\"inLanguage\":\"de\",\"@id\":\"https:\/\/jornalemfoco.online\/#\/schema\/person\/image\/\",\"url\":\"https:\/\/secure.gravatar.com\/avatar\/7c1032588ecf7aff8b2d71c17a187c79?s=96&d=mm&r=g\",\"contentUrl\":\"https:\/\/secure.gravatar.com\/avatar\/7c1032588ecf7aff8b2d71c17a187c79?s=96&d=mm&r=g\",\"caption\":\"Rafael Motta\"},\"description\":\"Jornalista, palestrante, publicit\u00e1rio, CEO da ag\u00eancia Tr\u00eas Pontos Comunica\u00e7\u00e3o e apaixonado por tecnologia. Trabalhei como editor-chefe em alguns dos maiores portais de not\u00edcias especializados em blockchain. Inova\u00e7\u00e3o \u00e9 o que me move todos os dias.\",\"url\":\"https:\/\/jornalemfoco.online\/de\/author\/rafael\/\"}]}<\/script>\n<!-- \/ Yoast SEO plugin. -->","yoast_head_json":{"title":"Dicas para editar fotos para redes sociais como um profissional\u00a0 - jornalemfoco.online","description":"Est\u00e1 com s\u00e9rias dificuldades para criar uma personalidade \u00fanica em suas redes sociais? Editar fotos da maneira certa pode ser o caminho!","robots":{"index":"index","follow":"follow","max-snippet":"max-snippet:-1","max-image-preview":"max-image-preview:large","max-video-preview":"max-video-preview:-1"},"canonical":"https:\/\/jornalemfoco.online\/de\/dicas\/dicas-para-editar-fotos-em-redes-sociais\/","og_locale":"de_DE","og_type":"article","og_title":"Dicas para editar fotos para redes sociais como um profissional\u00a0 - jornalemfoco.online","og_description":"Est\u00e1 com s\u00e9rias dificuldades para criar uma personalidade \u00fanica em suas redes sociais? Editar fotos da maneira certa pode ser o caminho!","og_url":"https:\/\/jornalemfoco.online\/de\/dicas\/dicas-para-editar-fotos-em-redes-sociais\/","og_site_name":"jornalemfoco.online","article_published_time":"2023-12-06T22:56:52+00:00","og_image":[{"width":1200,"height":675,"url":"https:\/\/jornalemfoco.online\/wp-content\/uploads\/2023\/12\/fotos01.png","type":"image\/png"}],"author":"Rafael Motta","twitter_card":"summary_large_image","twitter_misc":{"Verfasst von":"Rafael Motta","Gesch\u00e4tzte Lesezeit":"6\u00a0Minuten"},"schema":{"@context":"https:\/\/schema.org","@graph":[{"@type":"Article","@id":"https:\/\/jornalemfoco.online\/dicas\/dicas-para-editar-fotos-em-redes-sociais\/#article","isPartOf":{"@id":"https:\/\/jornalemfoco.online\/dicas\/dicas-para-editar-fotos-em-redes-sociais\/"},"author":{"name":"Rafael Motta","@id":"https:\/\/jornalemfoco.online\/#\/schema\/person\/fc518f01ecfc7a50f1b873d527545540"},"headline":"Dicas para editar fotos para redes sociais como um profissional\u00a0","datePublished":"2023-12-06T22:56:52+00:00","dateModified":"2023-12-06T22:56:52+00:00","mainEntityOfPage":{"@id":"https:\/\/jornalemfoco.online\/dicas\/dicas-para-editar-fotos-em-redes-sociais\/"},"wordCount":983,"publisher":{"@id":"https:\/\/jornalemfoco.online\/#organization"},"image":{"@id":"https:\/\/jornalemfoco.online\/dicas\/dicas-para-editar-fotos-em-redes-sociais\/#primaryimage"},"thumbnailUrl":"https:\/\/jornalemfoco.online\/wp-content\/uploads\/2023\/12\/fotos01.png","articleSection":["DICAS"],"inLanguage":"de"},{"@type":"WebPage","@id":"https:\/\/jornalemfoco.online\/dicas\/dicas-para-editar-fotos-em-redes-sociais\/","url":"https:\/\/jornalemfoco.online\/dicas\/dicas-para-editar-fotos-em-redes-sociais\/","name":"Dicas para editar fotos para redes sociais como um profissional\u00a0 - jornalemfoco.online","isPartOf":{"@id":"https:\/\/jornalemfoco.online\/#website"},"primaryImageOfPage":{"@id":"https:\/\/jornalemfoco.online\/dicas\/dicas-para-editar-fotos-em-redes-sociais\/#primaryimage"},"image":{"@id":"https:\/\/jornalemfoco.online\/dicas\/dicas-para-editar-fotos-em-redes-sociais\/#primaryimage"},"thumbnailUrl":"https:\/\/jornalemfoco.online\/wp-content\/uploads\/2023\/12\/fotos01.png","datePublished":"2023-12-06T22:56:52+00:00","dateModified":"2023-12-06T22:56:52+00:00","description":"Est\u00e1 com s\u00e9rias dificuldades para criar uma personalidade \u00fanica em suas redes sociais? Editar fotos da maneira certa pode ser o caminho!","breadcrumb":{"@id":"https:\/\/jornalemfoco.online\/dicas\/dicas-para-editar-fotos-em-redes-sociais\/#breadcrumb"},"inLanguage":"de","potentialAction":[{"@type":"ReadAction","target":["https:\/\/jornalemfoco.online\/dicas\/dicas-para-editar-fotos-em-redes-sociais\/"]}]},{"@type":"ImageObject","inLanguage":"de","@id":"https:\/\/jornalemfoco.online\/dicas\/dicas-para-editar-fotos-em-redes-sociais\/#primaryimage","url":"https:\/\/jornalemfoco.online\/wp-content\/uploads\/2023\/12\/fotos01.png","contentUrl":"https:\/\/jornalemfoco.online\/wp-content\/uploads\/2023\/12\/fotos01.png","width":1200,"height":675,"caption":"Editar fotos"},{"@type":"BreadcrumbList","@id":"https:\/\/jornalemfoco.online\/dicas\/dicas-para-editar-fotos-em-redes-sociais\/#breadcrumb","itemListElement":[{"@type":"ListItem","position":1,"name":"In\u00edcio","item":"https:\/\/jornalemfoco.online\/"},{"@type":"ListItem","position":2,"name":"Dicas para editar fotos para redes sociais como um profissional\u00a0"}]},{"@type":"WebSite","@id":"https:\/\/jornalemfoco.online\/#website","url":"https:\/\/jornalemfoco.online\/","name":"jornalemfoco.online","description":"","publisher":{"@id":"https:\/\/jornalemfoco.online\/#organization"},"potentialAction":[{"@type":"SearchAction","target":{"@type":"EntryPoint","urlTemplate":"https:\/\/jornalemfoco.online\/?s={search_term_string}"},"query-input":{"@type":"PropertyValueSpecification","valueRequired":true,"valueName":"search_term_string"}}],"inLanguage":"de"},{"@type":"Organization","@id":"https:\/\/jornalemfoco.online\/#organization","name":"jornalemfoco.online","url":"https:\/\/jornalemfoco.online\/","logo":{"@type":"ImageObject","inLanguage":"de","@id":"https:\/\/jornalemfoco.online\/#\/schema\/logo\/image\/","url":"https:\/\/jornalemfoco.online\/wp-content\/uploads\/2023\/07\/LOGO.png","contentUrl":"https:\/\/jornalemfoco.online\/wp-content\/uploads\/2023\/07\/LOGO.png","width":3334,"height":1072,"caption":"jornalemfoco.online"},"image":{"@id":"https:\/\/jornalemfoco.online\/#\/schema\/logo\/image\/"}},{"@type":"Person","@id":"https:\/\/jornalemfoco.online\/#\/schema\/person\/fc518f01ecfc7a50f1b873d527545540","name":"Rafael Motta","image":{"@type":"ImageObject","inLanguage":"de","@id":"https:\/\/jornalemfoco.online\/#\/schema\/person\/image\/","url":"https:\/\/secure.gravatar.com\/avatar\/7c1032588ecf7aff8b2d71c17a187c79?s=96&d=mm&r=g","contentUrl":"https:\/\/secure.gravatar.com\/avatar\/7c1032588ecf7aff8b2d71c17a187c79?s=96&d=mm&r=g","caption":"Rafael Motta"},"description":"Jornalista, palestrante, publicit\u00e1rio, CEO da ag\u00eancia Tr\u00eas Pontos Comunica\u00e7\u00e3o e apaixonado por tecnologia. Trabalhei como editor-chefe em alguns dos maiores portais de not\u00edcias especializados em blockchain. Inova\u00e7\u00e3o \u00e9 o que me move todos os dias.","url":"https:\/\/jornalemfoco.online\/de\/author\/rafael\/"}]}},"_links":{"self":[{"href":"https:\/\/jornalemfoco.online\/de\/wp-json\/wp\/v2\/posts\/23102"}],"collection":[{"href":"https:\/\/jornalemfoco.online\/de\/wp-json\/wp\/v2\/posts"}],"about":[{"href":"https:\/\/jornalemfoco.online\/de\/wp-json\/wp\/v2\/types\/post"}],"author":[{"embeddable":true,"href":"https:\/\/jornalemfoco.online\/de\/wp-json\/wp\/v2\/users\/93"}],"replies":[{"embeddable":true,"href":"https:\/\/jornalemfoco.online\/de\/wp-json\/wp\/v2\/comments?post=23102"}],"version-history":[{"count":5,"href":"https:\/\/jornalemfoco.online\/de\/wp-json\/wp\/v2\/posts\/23102\/revisions"}],"predecessor-version":[{"id":23205,"href":"https:\/\/jornalemfoco.online\/de\/wp-json\/wp\/v2\/posts\/23102\/revisions\/23205"}],"wp:featuredmedia":[{"embeddable":true,"href":"https:\/\/jornalemfoco.online\/de\/wp-json\/wp\/v2\/media\/23109"}],"wp:attachment":[{"href":"https:\/\/jornalemfoco.online\/de\/wp-json\/wp\/v2\/media?parent=23102"}],"wp:term":[{"taxonomy":"category","embeddable":true,"href":"https:\/\/jornalemfoco.online\/de\/wp-json\/wp\/v2\/categories?post=23102"},{"taxonomy":"post_tag","embeddable":true,"href":"https:\/\/jornalemfoco.online\/de\/wp-json\/wp\/v2\/tags?post=23102"}],"curies":[{"name":"wp","href":"https:\/\/api.w.org\/{rel}","templated":true}]}}